{"id":13138,"date":"2025-02-17T09:00:25","date_gmt":"2025-02-17T09:00:25","guid":{"rendered":"https:\/\/activatic.es\/suport-escolar-personalitzat-com-activatic-transforma-laprenentatge-a-espanya\/"},"modified":"2025-02-17T09:00:25","modified_gmt":"2025-02-17T09:00:25","slug":"suport-escolar-personalitzat-com-activatic-transforma-laprenentatge-a-espanya","status":"publish","type":"post","link":"https:\/\/activatic.es\/ca\/suport-escolar-personalitzat-com-activatic-transforma-laprenentatge-a-espanya\/","title":{"rendered":"Suport Escolar Personalitzat: Com Activatic Transforma l&#8217;aprenentatge a Espanya"},"content":{"rendered":"<p><span style=\"font-weight: 400;\">Al complicat m\u00f3n de l&#8217;educaci\u00f3, cada nen t\u00e9 la seva pr\u00f2pia manera d&#8217;aprendre i afrontar reptes. Especialment els nens que enfronten dificultats d&#8217;aprenentatge necessiten un enfocament diferent per assolir els seus objectius escolars.   <\/span><\/p>\n<p><span style=\"font-weight: 400;\">A Espanya, Activatic s&#8217;ha convertit en una gran soluci\u00f3 per a estudiants de prim\u00e0ria que necessiten aquesta empenta extra al seu cam\u00ed acad\u00e8mic. Aquest centre especialitzat en refor\u00e7 escolar ofereix un acompanyament \u00fanic que ajuda tant a nivell acad\u00e8mic com personal. <\/span><\/p>\n<h4><b>La m\u00e0gia de l&#8217;ensenyament personalitzat: Donant al clau<\/b><\/h4>\n<p><span style=\"font-weight: 400;\">No tots els nens aprenen al mateix ritme ni de la mateixa manera, oi? Aqu\u00ed entra en joc la import\u00e0ncia de la personalitzaci\u00f3. A Activatic entenem perfectament aix\u00f2 i fem servir la nostra pr\u00f2pia metodologia, dissenyada per adaptar-se a cada estudiant. El primer que fan els nostres professors \u00e9s avaluar els punts forts i els punts que cal millorar de cada nen, i amb aquesta informaci\u00f3 elaboren estrat\u00e8gies espec\u00edfiques que realment poden marcar la difer\u00e8ncia.     <\/span><\/p>\n<p><span style=\"font-weight: 400;\">Aquest enfocament no nom\u00e9s ajuda a fer que els nens millorin a l&#8217;escola, sin\u00f3 que tamb\u00e9 incrementa la seva autoestima i confian\u00e7a, una cosa s\u00faper valuosa per al seu desenvolupament integral.<\/span><\/p>\n<p><span style=\"font-weight: 400;\">Visita la nostra p\u00e0gina de<\/span> <a href=\"https:\/\/activatic.es\/refuerzo-escolar-primaria\/\"><span style=\"font-weight: 400;\">Refor\u00e7 Escolar per a Estudiants de Prim\u00e0ria<\/span><\/a><\/p>\n<h4><b>Eines modernes per a un aprenentatge divertit<\/b><\/h4>\n<p><span style=\"font-weight: 400;\">Invertir en educaci\u00f3 \u00e9s invertir en el futur. Les eines educatives d&#8217;avui dia van m\u00e9s enll\u00e0 de la simple transmissi\u00f3 de coneixements. Desenvolupen habilitats com ara la resoluci\u00f3 de problemes, el pensament cr\u00edtic i la creativitat, que seran fonamentals per a l&#8217;\u00e8xit futur dels teus fills.  <\/span><\/p>\n<p><span style=\"font-weight: 400;\">Des d&#8217;exercicis interactius fins a tallers creatius, les noves tecnologies permeten adaptar l&#8217;aprenentatge a les necessitats de cada infant. A m\u00e9s, aquestes eines no nom\u00e9s treballen els continguts acad\u00e8mics, sin\u00f3 que tamb\u00e9 desenvolupen habilitats clau, com ara la col\u00b7laboraci\u00f3. <\/span><\/p>\n<h4><b>Tots junts al mateix equip: Pares i profes<\/b><\/h4>\n<p><span style=\"font-weight: 400;\">Un aspecte que ressalta d&#8217;Activatic \u00e9s la manera com involucrem les fam\u00edlies en l&#8217;aprenentatge. Perqu\u00e8, siguem realistes, els pares i les mares tenen un paper crucial a ajudar els nens a superar els obstacles educatius. Activatic fomenta una comunicaci\u00f3 fluida entre els professors i els pares, cosa que permet manejar els reptes amb una visi\u00f3 integral.    <\/span><\/p>\n<p><a href=\"https:\/\/activatic.es\/como-mejorar-el-rendimiento-escolar-de-tus-hijos-claves-para-primaria-y-eso\/\"><span style=\"font-weight: 400;\">Com millorar el rendiment escolar dels teus fills? Claus per a prim\u00e0ria i ESO <\/span><\/a><\/p>\n<h4><b>M\u00e9s enll\u00e0 de les notes: Resultats que inspiren<\/b><\/h4>\n<p><span style=\"font-weight: 400;\">El que m\u00e9s destaca d&#8217;Activatic \u00e9s que el seu impacte no es queda nom\u00e9s a les qualificacions. Els nens que reben un suport personalitzat solen mostrar una millor actitud cap a l&#8217;estudi, una capacitat m\u00e9s gran per solucionar problemes i m\u00e9s autonomia en les seves tasques. A m\u00e9s, l&#8217;enfocament integral que tenen els ajuda a desenvolupar resili\u00e8ncia, aquesta habilitat per enfrontar-se als problemes sense rendir-se.    <\/span><\/p>\n<p><span style=\"font-weight: 400;\">Aquest acompanyament els omple de recursos per superar els reptes, no nom\u00e9s a l&#8217;escola sin\u00f3 tamb\u00e9 en altres aspectes de la seva vida.<\/span><\/p>\n<h4><b>Perqu\u00e8 cada nen \u00e9s \u00fanic: Una soluci\u00f3 a mida<\/b><\/h4>\n<p><span style=\"font-weight: 400;\">Avui dia, el panorama educatiu est\u00e0 canviant a tota velocitat. Per aix\u00f2, enfocaments com els d&#8217;Activatic s\u00f3n m\u00e9s rellevants que mai. Pensem en el benestar i l&#8217;\u00e8xit de cada nen, perqu\u00e8 demostren que cap repte acad\u00e8mic no \u00e9s impossible amb les eines adequades.    <\/span><\/p>\n<p><span style=\"font-weight: 400;\">A m\u00e9s a m\u00e9s, compten amb un equip multidisciplinari que col\u00b7labora amb psicopedagogs i terapeutes quan cal, per assegurar-se que cada cas rebi l&#8217;atenci\u00f3 que realment necessita.<\/span><\/p>\n<p><span style=\"font-weight: 400;\">Et recomanem llegir<\/span> <a href=\"https:\/\/activatic.es\/7-senales-de-que-tu-hijo-necesita-apoyo-escolar-adicional\/\"><span style=\"font-weight: 400;\">7 Senyals que el teu fill necessita suport escolar addicional<\/span><\/a><\/p>\n<h4><b>Construint futurs brillants junts<\/b><\/h4>\n<p><span style=\"font-weight: 400;\">Si el vostre fill est\u00e0 enfrontant dificultats a l&#8217;escola, potser \u00e9s hora de considerar un suport m\u00e9s personalitzat. L&#8217;enfocament \u00fanic d&#8217;Activatic no sols resol els problemes acad\u00e8mics, sin\u00f3 que tamb\u00e9 ajuda que els nens creixin feli\u00e7os i plens de confian\u00e7a. Donar-los aquesta oportunitat pot ser un canvi radical, obrint cam\u00ed cap a un futur ple de possibilitats i \u00e8xits. Construirem aquest futur junts!   <\/span><\/p>\n<p><span style=\"font-weight: 400;\">Si t&#8217;ha agradat aquest article, comparteix-ho amb altres persones i no oblidis seguir-nos a<\/span> <a href=\"https:\/\/www.instagram.com\/activatic_\/\"><b>Instagram<\/b><\/a> <span style=\"font-weight: 400;\">i<\/span> <a href=\"https:\/\/www.facebook.com\/activatictarragona\/\"><b>Facebook<\/b><\/a> <span style=\"font-weight: 400;\">, aix\u00ed com revisar els nostres serveis de refor\u00e7 escolar i ensenyament d&#8217;idiomes a<\/span> <a href=\"http:\/\/activatic.es\"><b>activatic.es<\/b><\/a><\/p>\n","protected":false},"excerpt":{"rendered":"<p>Al complicat m\u00f3n de l&#8217;educaci\u00f3, cada nen t\u00e9 la seva pr\u00f2pia manera d&#8217;aprendre i afrontar reptes. Especialment els nens que enfronten dificultats d&#8217;aprenentatge necessiten un enfocament diferent per assolir els seus objectius escolars. A Espanya, Activatic s&#8217;ha convertit en una gran soluci\u00f3 per a estudiants de prim\u00e0ria que necessiten aquesta empenta extra al seu cam\u00ed [&hellip;]<\/p>\n","protected":false},"author":7,"featured_media":12829,"comment_status":"open","ping_status":"open","sticky":false,"template":"","format":"standard","meta":{"footnotes":""},"categories":[89],"tags":[],"class_list":["post-13138","post","type-post","status-publish","format-standard","has-post-thumbnail","hentry","category-uncategorized-ca"],"yoast_head":"<!-- This site is optimized with the Yoast SEO plugin v27.3 - https:\/\/yoast.com\/product\/yoast-seo-wordpress\/ -->\n<title>Suport Escolar Personalitzat: Com Activatic Transforma l&#039;aprenentatge a Espanya - Activatic<\/title>\n<meta name=\"description\" content=\"Suport Escolar Personalitzat: Com Activatic Transforma l&#039;aprenentatge a Espanya. Refor\u00e7 escolar, idiomes i formaci\u00f3 a la prov\u00edncia de Tarragona.\" \/>\n<meta name=\"robots\" content=\"index, follow, max-snippet:-1, max-image-preview:large, max-video-preview:-1\" \/>\n<link rel=\"canonical\" href=\"https:\/\/activatic.es\/ca\/suport-escolar-personalitzat-com-activatic-transforma-laprenentatge-a-espanya\/\" \/>\n<meta property=\"og:locale\" content=\"ca_ES\" \/>\n<meta property=\"og:type\" content=\"article\" \/>\n<meta property=\"og:title\" content=\"Suport Escolar Personalitzat: Com Activatic Transforma l&#039;aprenentatge a Espanya - Activatic\" \/>\n<meta property=\"og:description\" content=\"Suport Escolar Personalitzat: Com Activatic Transforma l&#039;aprenentatge a Espanya. Refor\u00e7 escolar, idiomes i formaci\u00f3 a la prov\u00edncia de Tarragona.\" \/>\n<meta property=\"og:url\" content=\"https:\/\/activatic.es\/ca\/suport-escolar-personalitzat-com-activatic-transforma-laprenentatge-a-espanya\/\" \/>\n<meta property=\"og:site_name\" content=\"Activatic\" \/>\n<meta property=\"article:publisher\" content=\"https:\/\/www.facebook.com\/activatictarragona\/\" \/>\n<meta property=\"article:published_time\" content=\"2025-02-17T09:00:25+00:00\" \/>\n<meta property=\"og:image\" content=\"https:\/\/activatic.es\/wp-content\/uploads\/2025\/01\/Apoyo-Escolar-Personalizado-Como-Activatic-Transforma-el-Aprendizaje-en-Espana-1024x576.png\" \/>\n\t<meta property=\"og:image:width\" content=\"1024\" \/>\n\t<meta property=\"og:image:height\" content=\"576\" \/>\n\t<meta property=\"og:image:type\" content=\"image\/png\" \/>\n<meta name=\"author\" content=\"ivan\" \/>\n<meta name=\"twitter:card\" content=\"summary_large_image\" \/>\n<meta name=\"twitter:label1\" content=\"Escrit per\" \/>\n\t<meta name=\"twitter:data1\" content=\"ivan\" \/>\n\t<meta name=\"twitter:label2\" content=\"Temps estimat de lectura\" \/>\n\t<meta name=\"twitter:data2\" content=\"4 minuts\" \/>\n<script type=\"application\/ld+json\" class=\"yoast-schema-graph\">{\"@context\":\"https:\\\/\\\/schema.org\",\"@graph\":[{\"@type\":\"Article\",\"@id\":\"https:\\\/\\\/activatic.es\\\/ca\\\/suport-escolar-personalitzat-com-activatic-transforma-laprenentatge-a-espanya\\\/#article\",\"isPartOf\":{\"@id\":\"https:\\\/\\\/activatic.es\\\/ca\\\/suport-escolar-personalitzat-com-activatic-transforma-laprenentatge-a-espanya\\\/\"},\"author\":{\"name\":\"ivan\",\"@id\":\"https:\\\/\\\/activatic.es\\\/ca\\\/#\\\/schema\\\/person\\\/3b7ef39bb17b1d29706005c4ef6e3f7a\"},\"headline\":\"Suport Escolar Personalitzat: Com Activatic Transforma l&#8217;aprenentatge a Espanya\",\"datePublished\":\"2025-02-17T09:00:25+00:00\",\"mainEntityOfPage\":{\"@id\":\"https:\\\/\\\/activatic.es\\\/ca\\\/suport-escolar-personalitzat-com-activatic-transforma-laprenentatge-a-espanya\\\/\"},\"wordCount\":732,\"commentCount\":0,\"image\":{\"@id\":\"https:\\\/\\\/activatic.es\\\/ca\\\/suport-escolar-personalitzat-com-activatic-transforma-laprenentatge-a-espanya\\\/#primaryimage\"},\"thumbnailUrl\":\"https:\\\/\\\/activatic.es\\\/wp-content\\\/uploads\\\/2025\\\/01\\\/Apoyo-Escolar-Personalizado-Como-Activatic-Transforma-el-Aprendizaje-en-Espana.png\",\"articleSection\":[\"Uncategorized @ca\"],\"inLanguage\":\"ca\",\"potentialAction\":[{\"@type\":\"CommentAction\",\"name\":\"Comment\",\"target\":[\"https:\\\/\\\/activatic.es\\\/ca\\\/suport-escolar-personalitzat-com-activatic-transforma-laprenentatge-a-espanya\\\/#respond\"]}]},{\"@type\":\"WebPage\",\"@id\":\"https:\\\/\\\/activatic.es\\\/ca\\\/suport-escolar-personalitzat-com-activatic-transforma-laprenentatge-a-espanya\\\/\",\"url\":\"https:\\\/\\\/activatic.es\\\/ca\\\/suport-escolar-personalitzat-com-activatic-transforma-laprenentatge-a-espanya\\\/\",\"name\":\"Suport Escolar Personalitzat: Com Activatic Transforma l'aprenentatge a Espanya - Activatic\",\"isPartOf\":{\"@id\":\"https:\\\/\\\/activatic.es\\\/ca\\\/#website\"},\"primaryImageOfPage\":{\"@id\":\"https:\\\/\\\/activatic.es\\\/ca\\\/suport-escolar-personalitzat-com-activatic-transforma-laprenentatge-a-espanya\\\/#primaryimage\"},\"image\":{\"@id\":\"https:\\\/\\\/activatic.es\\\/ca\\\/suport-escolar-personalitzat-com-activatic-transforma-laprenentatge-a-espanya\\\/#primaryimage\"},\"thumbnailUrl\":\"https:\\\/\\\/activatic.es\\\/wp-content\\\/uploads\\\/2025\\\/01\\\/Apoyo-Escolar-Personalizado-Como-Activatic-Transforma-el-Aprendizaje-en-Espana.png\",\"datePublished\":\"2025-02-17T09:00:25+00:00\",\"author\":{\"@id\":\"https:\\\/\\\/activatic.es\\\/ca\\\/#\\\/schema\\\/person\\\/3b7ef39bb17b1d29706005c4ef6e3f7a\"},\"description\":\"Suport Escolar Personalitzat: Com Activatic Transforma l'aprenentatge a Espanya. Refor\u00e7 escolar, idiomes i formaci\u00f3 a la prov\u00edncia de Tarragona.\",\"breadcrumb\":{\"@id\":\"https:\\\/\\\/activatic.es\\\/ca\\\/suport-escolar-personalitzat-com-activatic-transforma-laprenentatge-a-espanya\\\/#breadcrumb\"},\"inLanguage\":\"ca\",\"potentialAction\":[{\"@type\":\"ReadAction\",\"target\":[\"https:\\\/\\\/activatic.es\\\/ca\\\/suport-escolar-personalitzat-com-activatic-transforma-laprenentatge-a-espanya\\\/\"]}]},{\"@type\":\"ImageObject\",\"inLanguage\":\"ca\",\"@id\":\"https:\\\/\\\/activatic.es\\\/ca\\\/suport-escolar-personalitzat-com-activatic-transforma-laprenentatge-a-espanya\\\/#primaryimage\",\"url\":\"https:\\\/\\\/activatic.es\\\/wp-content\\\/uploads\\\/2025\\\/01\\\/Apoyo-Escolar-Personalizado-Como-Activatic-Transforma-el-Aprendizaje-en-Espana.png\",\"contentUrl\":\"https:\\\/\\\/activatic.es\\\/wp-content\\\/uploads\\\/2025\\\/01\\\/Apoyo-Escolar-Personalizado-Como-Activatic-Transforma-el-Aprendizaje-en-Espana.png\",\"width\":1920,\"height\":1080,\"caption\":\"Apoyo Escolar Personalizado C\u00f3mo Activatic Transforma el Aprendizaje en Espa\u00f1a\"},{\"@type\":\"BreadcrumbList\",\"@id\":\"https:\\\/\\\/activatic.es\\\/ca\\\/suport-escolar-personalitzat-com-activatic-transforma-laprenentatge-a-espanya\\\/#breadcrumb\",\"itemListElement\":[{\"@type\":\"ListItem\",\"position\":1,\"name\":\"Home\",\"item\":\"https:\\\/\\\/activatic.es\\\/ca\\\/inici\\\/\"},{\"@type\":\"ListItem\",\"position\":2,\"name\":\"Suport Escolar Personalitzat: Com Activatic Transforma l&#8217;aprenentatge a Espanya\"}]},{\"@type\":\"WebSite\",\"@id\":\"https:\\\/\\\/activatic.es\\\/ca\\\/#website\",\"url\":\"https:\\\/\\\/activatic.es\\\/ca\\\/\",\"name\":\"Activatic\",\"description\":\"Academia de refor\u00e7 Tarragona\",\"potentialAction\":[{\"@type\":\"SearchAction\",\"target\":{\"@type\":\"EntryPoint\",\"urlTemplate\":\"https:\\\/\\\/activatic.es\\\/ca\\\/?s={search_term_string}\"},\"query-input\":{\"@type\":\"PropertyValueSpecification\",\"valueRequired\":true,\"valueName\":\"search_term_string\"}}],\"inLanguage\":\"ca\"},{\"@type\":\"Person\",\"@id\":\"https:\\\/\\\/activatic.es\\\/ca\\\/#\\\/schema\\\/person\\\/3b7ef39bb17b1d29706005c4ef6e3f7a\",\"name\":\"ivan\"}]}<\/script>\n<!-- \/ Yoast SEO plugin. -->","yoast_head_json":{"title":"Suport Escolar Personalitzat: Com Activatic Transforma l'aprenentatge a Espanya - Activatic","description":"Suport Escolar Personalitzat: Com Activatic Transforma l'aprenentatge a Espanya. Refor\u00e7 escolar, idiomes i formaci\u00f3 a la prov\u00edncia de Tarragona.","robots":{"index":"index","follow":"follow","max-snippet":"max-snippet:-1","max-image-preview":"max-image-preview:large","max-video-preview":"max-video-preview:-1"},"canonical":"https:\/\/activatic.es\/ca\/suport-escolar-personalitzat-com-activatic-transforma-laprenentatge-a-espanya\/","og_locale":"ca_ES","og_type":"article","og_title":"Suport Escolar Personalitzat: Com Activatic Transforma l'aprenentatge a Espanya - Activatic","og_description":"Suport Escolar Personalitzat: Com Activatic Transforma l'aprenentatge a Espanya. Refor\u00e7 escolar, idiomes i formaci\u00f3 a la prov\u00edncia de Tarragona.","og_url":"https:\/\/activatic.es\/ca\/suport-escolar-personalitzat-com-activatic-transforma-laprenentatge-a-espanya\/","og_site_name":"Activatic","article_publisher":"https:\/\/www.facebook.com\/activatictarragona\/","article_published_time":"2025-02-17T09:00:25+00:00","og_image":[{"width":1024,"height":576,"url":"https:\/\/activatic.es\/wp-content\/uploads\/2025\/01\/Apoyo-Escolar-Personalizado-Como-Activatic-Transforma-el-Aprendizaje-en-Espana-1024x576.png","type":"image\/png"}],"author":"ivan","twitter_card":"summary_large_image","twitter_misc":{"Escrit per":"ivan","Temps estimat de lectura":"4 minuts"},"schema":{"@context":"https:\/\/schema.org","@graph":[{"@type":"Article","@id":"https:\/\/activatic.es\/ca\/suport-escolar-personalitzat-com-activatic-transforma-laprenentatge-a-espanya\/#article","isPartOf":{"@id":"https:\/\/activatic.es\/ca\/suport-escolar-personalitzat-com-activatic-transforma-laprenentatge-a-espanya\/"},"author":{"name":"ivan","@id":"https:\/\/activatic.es\/ca\/#\/schema\/person\/3b7ef39bb17b1d29706005c4ef6e3f7a"},"headline":"Suport Escolar Personalitzat: Com Activatic Transforma l&#8217;aprenentatge a Espanya","datePublished":"2025-02-17T09:00:25+00:00","mainEntityOfPage":{"@id":"https:\/\/activatic.es\/ca\/suport-escolar-personalitzat-com-activatic-transforma-laprenentatge-a-espanya\/"},"wordCount":732,"commentCount":0,"image":{"@id":"https:\/\/activatic.es\/ca\/suport-escolar-personalitzat-com-activatic-transforma-laprenentatge-a-espanya\/#primaryimage"},"thumbnailUrl":"https:\/\/activatic.es\/wp-content\/uploads\/2025\/01\/Apoyo-Escolar-Personalizado-Como-Activatic-Transforma-el-Aprendizaje-en-Espana.png","articleSection":["Uncategorized @ca"],"inLanguage":"ca","potentialAction":[{"@type":"CommentAction","name":"Comment","target":["https:\/\/activatic.es\/ca\/suport-escolar-personalitzat-com-activatic-transforma-laprenentatge-a-espanya\/#respond"]}]},{"@type":"WebPage","@id":"https:\/\/activatic.es\/ca\/suport-escolar-personalitzat-com-activatic-transforma-laprenentatge-a-espanya\/","url":"https:\/\/activatic.es\/ca\/suport-escolar-personalitzat-com-activatic-transforma-laprenentatge-a-espanya\/","name":"Suport Escolar Personalitzat: Com Activatic Transforma l'aprenentatge a Espanya - Activatic","isPartOf":{"@id":"https:\/\/activatic.es\/ca\/#website"},"primaryImageOfPage":{"@id":"https:\/\/activatic.es\/ca\/suport-escolar-personalitzat-com-activatic-transforma-laprenentatge-a-espanya\/#primaryimage"},"image":{"@id":"https:\/\/activatic.es\/ca\/suport-escolar-personalitzat-com-activatic-transforma-laprenentatge-a-espanya\/#primaryimage"},"thumbnailUrl":"https:\/\/activatic.es\/wp-content\/uploads\/2025\/01\/Apoyo-Escolar-Personalizado-Como-Activatic-Transforma-el-Aprendizaje-en-Espana.png","datePublished":"2025-02-17T09:00:25+00:00","author":{"@id":"https:\/\/activatic.es\/ca\/#\/schema\/person\/3b7ef39bb17b1d29706005c4ef6e3f7a"},"description":"Suport Escolar Personalitzat: Com Activatic Transforma l'aprenentatge a Espanya. Refor\u00e7 escolar, idiomes i formaci\u00f3 a la prov\u00edncia de Tarragona.","breadcrumb":{"@id":"https:\/\/activatic.es\/ca\/suport-escolar-personalitzat-com-activatic-transforma-laprenentatge-a-espanya\/#breadcrumb"},"inLanguage":"ca","potentialAction":[{"@type":"ReadAction","target":["https:\/\/activatic.es\/ca\/suport-escolar-personalitzat-com-activatic-transforma-laprenentatge-a-espanya\/"]}]},{"@type":"ImageObject","inLanguage":"ca","@id":"https:\/\/activatic.es\/ca\/suport-escolar-personalitzat-com-activatic-transforma-laprenentatge-a-espanya\/#primaryimage","url":"https:\/\/activatic.es\/wp-content\/uploads\/2025\/01\/Apoyo-Escolar-Personalizado-Como-Activatic-Transforma-el-Aprendizaje-en-Espana.png","contentUrl":"https:\/\/activatic.es\/wp-content\/uploads\/2025\/01\/Apoyo-Escolar-Personalizado-Como-Activatic-Transforma-el-Aprendizaje-en-Espana.png","width":1920,"height":1080,"caption":"Apoyo Escolar Personalizado C\u00f3mo Activatic Transforma el Aprendizaje en Espa\u00f1a"},{"@type":"BreadcrumbList","@id":"https:\/\/activatic.es\/ca\/suport-escolar-personalitzat-com-activatic-transforma-laprenentatge-a-espanya\/#breadcrumb","itemListElement":[{"@type":"ListItem","position":1,"name":"Home","item":"https:\/\/activatic.es\/ca\/inici\/"},{"@type":"ListItem","position":2,"name":"Suport Escolar Personalitzat: Com Activatic Transforma l&#8217;aprenentatge a Espanya"}]},{"@type":"WebSite","@id":"https:\/\/activatic.es\/ca\/#website","url":"https:\/\/activatic.es\/ca\/","name":"Activatic","description":"Academia de refor\u00e7 Tarragona","potentialAction":[{"@type":"SearchAction","target":{"@type":"EntryPoint","urlTemplate":"https:\/\/activatic.es\/ca\/?s={search_term_string}"},"query-input":{"@type":"PropertyValueSpecification","valueRequired":true,"valueName":"search_term_string"}}],"inLanguage":"ca"},{"@type":"Person","@id":"https:\/\/activatic.es\/ca\/#\/schema\/person\/3b7ef39bb17b1d29706005c4ef6e3f7a","name":"ivan"}]}},"_links":{"self":[{"href":"https:\/\/activatic.es\/ca\/wp-json\/wp\/v2\/posts\/13138","targetHints":{"allow":["GET"]}}],"collection":[{"href":"https:\/\/activatic.es\/ca\/wp-json\/wp\/v2\/posts"}],"about":[{"href":"https:\/\/activatic.es\/ca\/wp-json\/wp\/v2\/types\/post"}],"author":[{"embeddable":true,"href":"https:\/\/activatic.es\/ca\/wp-json\/wp\/v2\/users\/7"}],"replies":[{"embeddable":true,"href":"https:\/\/activatic.es\/ca\/wp-json\/wp\/v2\/comments?post=13138"}],"version-history":[{"count":0,"href":"https:\/\/activatic.es\/ca\/wp-json\/wp\/v2\/posts\/13138\/revisions"}],"wp:featuredmedia":[{"embeddable":true,"href":"https:\/\/activatic.es\/ca\/wp-json\/wp\/v2\/media\/12829"}],"wp:attachment":[{"href":"https:\/\/activatic.es\/ca\/wp-json\/wp\/v2\/media?parent=13138"}],"wp:term":[{"taxonomy":"category","embeddable":true,"href":"https:\/\/activatic.es\/ca\/wp-json\/wp\/v2\/categories?post=13138"},{"taxonomy":"post_tag","embeddable":true,"href":"https:\/\/activatic.es\/ca\/wp-json\/wp\/v2\/tags?post=13138"}],"curies":[{"name":"wp","href":"https:\/\/api.w.org\/{rel}","templated":true}]}}