{"id":13232,"date":"2025-03-24T09:00:29","date_gmt":"2025-03-24T09:00:29","guid":{"rendered":"https:\/\/activatic.es\/renaixeu-la-vostra-confianca-com-el-reforc-escolar-transforma-els-adolescents\/"},"modified":"2025-03-24T09:00:29","modified_gmt":"2025-03-24T09:00:29","slug":"renaixeu-la-vostra-confianca-com-el-reforc-escolar-transforma-els-adolescents","status":"publish","type":"post","link":"https:\/\/activatic.es\/ca\/renaixeu-la-vostra-confianca-com-el-reforc-escolar-transforma-els-adolescents\/","title":{"rendered":"Renaixeu la vostra confian\u00e7a! Com el refor\u00e7 escolar transforma els adolescents"},"content":{"rendered":"<p><span style=\"font-weight: 400;\">El tr\u00e0nsit per leducaci\u00f3 secund\u00e0ria pot ser un desafiament per a molts adolescents. M\u00e9s enll\u00e0 de les mat\u00e8ries i deures, els estudiants enfronten reptes emocionals que afecten la seva autoestima i motivaci\u00f3. A Activatic, entenem que darrere de cada butlleta de qualificacions hi ha un noi o una noia que necessita m\u00e9s que coneixements de matem\u00e0tiques o angl\u00e8s; necessita creure en si mateix i trobar l&#8217;entusiasme per superar obstacles. Explorem per qu\u00e8 el refor\u00e7 escolar en adolescents \u00e9s essencial.   <\/span><\/p>\n<h4><b>Per qu\u00e8 l&#8217;autoestima \u00e9s clau a l&#8217;adolesc\u00e8ncia?<\/b><\/h4>\n<p><span style=\"font-weight: 400;\">L&#8217;adolesc\u00e8ncia \u00e9s una etapa d&#8217;autodescobriment i de construcci\u00f3 personal. \u00c9s com\u00fa que els joves dubtin de les seves capacitats o es percebin de manera negativa en comparar-se amb els seus companys. Quan aix\u00f2 passa, el seu exercici escolar es pot veure greument afectat: no \u00e9s estrany trobar estudiants que senten que no &#8220;valen per a res&#8221; si no aconsegueixen obtenir bons resultats acad\u00e8mics. Aquest cicle de desmotivaci\u00f3 es pot perpetuar si no troben mecanismes per enfrontar-lo.   <\/span><\/p>\n<p><span style=\"font-weight: 400;\">Visita la nostra p\u00e0gina de<\/span> <a href=\"https:\/\/activatic.es\/refuerzo-escolar-eso\/\"><span style=\"font-weight: 400;\">refor\u00e7 escolar per a estudiants de l&#8217;ESO<\/span><\/a> <span style=\"font-weight: 400;\">.<\/span><\/p>\n<p><span style=\"font-weight: 400;\">Enfortir l&#8217;autoestima en aquesta etapa no nom\u00e9s afecta la manera com l&#8217;adolescent es veu a si mateix, sin\u00f3 tamb\u00e9 la seva capacitat per enfrontar desafiaments en el futur. Quan un estudiant confia en si mateix, \u00e9s m\u00e9s probable que tingui la perseveran\u00e7a necess\u00e0ria per intentar superar els errors en lloc de claudicar. <\/span><\/p>\n<h4><b>Com el refor\u00e7 escolar pot marcar la difer\u00e8ncia<\/b><\/h4>\n<p><span style=\"font-weight: 400;\">Molts adolescents necessiten suport addicional que l&#8217;entorn escolar convencional no sempre pot proporcionar. \u00c9s aqu\u00ed on Activatic fa la seva entrada triomfal, oferint un entorn segur i acollidor on els estudiants poden no nom\u00e9s aprendre, sin\u00f3 tamb\u00e9 cr\u00e9ixer com a persones. Vegem com el refor\u00e7 escolar pot tenir un impacte real en l&#8217;autoestima i la motivaci\u00f3 dels adolescents:  <\/span><\/p>\n<h4><b>Aprendre al propi ritme<\/b><\/h4>\n<p><span style=\"font-weight: 400;\">A les aules tradicionals, els estudiants avancen al ritme general del grup, la qual cosa pot deixar enrere alguns que necessiten m\u00e9s temps per comprendre certs conceptes. En un programa de refor\u00e7 escolar com el que oferim a Activatic, els joves poden aprendre segons les pr\u00f2pies necessitats. Aix\u00f2 no sols els permet dominar els temes, sin\u00f3 que fomenta un sentiment de compet\u00e8ncia i \u00e8xit que alimenta la seva autoestima.  <\/span><\/p>\n<p><b>Experimentar petits triomfs<\/b><\/p>\n<p><span style=\"font-weight: 400;\">Cada fita assolida, com resoldre un problema matem\u00e0tic dif\u00edcil o comprendre un text complicat, \u00e9s un \u00e8xit digne de celebrar. A Activatic, fomentem un enfocament positiu al voltant dels aven\u00e7os, sense importar com de petits semblin. Aquestes vict\u00f2ries graduals construeixen una base s\u00f2lida de confian\u00e7a, fent que els estudiants creguin cada cop m\u00e9s en la seva capacitat per superar futurs reptes.  <\/span><\/p>\n<p><span style=\"font-weight: 400;\">Et recomanem llegir  <\/span><a href=\"https:\/\/activatic.es\/como-superar-el-estres-de-la-selectividad-tecnicas-de-estudio-y-gestion-emocional\/\"><span style=\"font-weight: 400;\">Com es pot superar l&#8217;estr\u00e8s de la selectivitat? T\u00e8cniques d&#8217;estudi i gesti\u00f3 emocional <\/span><\/a><\/p>\n<h4><b>Atenci\u00f3 personalitzada<\/b><\/h4>\n<p><span style=\"font-weight: 400;\">L&#8217;entorn de refor\u00e7 escolar brinda als estudiants l&#8217;oportunitat d&#8217;aprendre sense por de ser jutjats, de comptar amb un tutor proper que respon preguntes sense pressa i tenir alg\u00fa que realment els escolta. Moltes vegades, aquest tipus de connexi\u00f3 humana \u00e9s justament el que necessiten per sentir-se validats i recolzats. <\/span><\/p>\n<p><b>M\u00e8todes que desperten motivaci\u00f3<\/b><\/p>\n<p><span style=\"font-weight: 400;\">No tots els adolescents aprenen de la mateixa manera, i les metodologies tradicionals solen disminuir-ne la motivaci\u00f3. Activatic treballa amb enfocaments innovadors que fan de l&#8217;aprenentatge una experi\u00e8ncia interessant i atractiva. Adaptar-se a les prefer\u00e8ncies i estil daprenentatge de cada estudiant augmenta considerablement la seva implicaci\u00f3 i entusiasme.  <\/span><\/p>\n<p><span style=\"font-weight: 400;\">Tamb\u00e9 pots llegir<\/span> <a href=\"https:\/\/activatic.es\/apoyo-escolar-personalizado-como-activatic-transforma-el-aprendizaje-en-espana\/\"><span style=\"font-weight: 400;\">Suport Escolar Personalitzat: Com Activatic Transforma l&#8217;aprenentatge a Espanya<\/span><\/a><\/p>\n<h4><b>L&#8217;impacte m\u00e9s enll\u00e0 de l&#8217;estudi<\/b><\/h4>\n<p><span style=\"font-weight: 400;\">El que molts no anticipen \u00e9s que el refor\u00e7 escolar no nom\u00e9s beneficia les qualificacions dels adolescents, sin\u00f3 que el seu impacte s?est\u00e9n a altres \u00e0rees de la vida. Quan un estudiant comen\u00e7a a sentir-se segur de les seves capacitats acad\u00e8miques, tamb\u00e9 el trasllada a altres facetes: millor interrelaci\u00f3 amb els amics, m\u00e9s participaci\u00f3 en activitats extracurriculars i fins i tot m\u00e9s obertura per prendre noves oportunitats. <\/span><\/p>\n<p><span style=\"font-weight: 400;\">A m\u00e9s, desenvolupar motivaci\u00f3 intr\u00ednseca (\u00e9s a dir, aprendre perqu\u00e8 realment volen i no nom\u00e9s per obligaci\u00f3) transforma la seva traject\u00f2ria educativa. Aquests adolescents estan aprenent a gaudir del proc\u00e9s i no nom\u00e9s a enfocar-se als resultats. <\/span><\/p>\n<p><a href=\"https:\/\/api.whatsapp.com\/send?phone=34681934914&amp;text=Hola,%20quisiera%20m%C3%A1s%20informaci%C3%B3n%20sobre%20sus%20programas%20de%20refuerzo%20escolar.\"><span style=\"font-weight: 400;\">Contacta&#8217;ns<\/span><\/a> <span style=\"font-weight: 400;\">per a m\u00e9s informaci\u00f3 sobre el refor\u00e7 escolar.<\/span><\/p>\n<h4><b>El paper dels pares<\/b><\/h4>\n<p><span style=\"font-weight: 400;\">\u00c9s vital ressaltar que els pares tenen un paper protagonista en aquest proc\u00e9s. El seu suport i l&#8217;actitud positiva envers el refor\u00e7 escolar en adolescents s\u00f3n determinants perqu\u00e8 l&#8217;estudiant ho percebi no com un c\u00e0stig, sin\u00f3 com una oportunitat de creixement. A Activatic, fomentem una comunicaci\u00f3 constant amb les fam\u00edlies per assegurar-nos que els aven\u00e7os tamb\u00e9 siguin evidents a casa.  <\/span><\/p>\n<h4><b>\u00a1Confian\u00e7a que dura tota la vida!<\/b><\/h4>\n<p><span style=\"font-weight: 400;\">A Activatic, sabem que cada adolescent \u00e9s \u00fanic, i per aix\u00f2 els nostres programes de refor\u00e7 escolar estan dissenyats per abordar les necessitats particulars. M\u00e9s que millorar notes, busquem potenciar la confian\u00e7a i obrir un ventall de possibilitats per al futur. <\/span><\/p>\n<p><span style=\"font-weight: 400;\">Aix\u00ed que, si notes que el teu fill o la teva filla est\u00e0 perdent la motivaci\u00f3 o no creu en les seves capacitats, no dubtis a considerar el refor\u00e7 escolar com una eina poderosa. Pot ser el canvi que marqui la difer\u00e8ncia, no nom\u00e9s en el seu exercici acad\u00e8mic, sin\u00f3 en la seva felicitat i benestar general. <\/span><\/p>\n<p><span style=\"font-weight: 400;\">Si t&#8217;ha agradat aquest article, comparteix-ho amb altres persones i no oblidis seguir-nos a<\/span> <a href=\"https:\/\/www.instagram.com\/activatic_\/\"><b>Instagram<\/b><\/a> <span style=\"font-weight: 400;\">i<\/span> <a href=\"https:\/\/www.facebook.com\/activatictarragona\/\"><b>Facebook<\/b><\/a> <span style=\"font-weight: 400;\">, aix\u00ed com revisar els nostres serveis de refor\u00e7 escolar i ensenyament d&#8217;idiomes a<\/span> <a href=\"http:\/\/activatic.es\"><b>activatic.es<\/b><\/a><\/p>\n","protected":false},"excerpt":{"rendered":"<p>El tr\u00e0nsit per leducaci\u00f3 secund\u00e0ria pot ser un desafiament per a molts adolescents. M\u00e9s enll\u00e0 de les mat\u00e8ries i deures, els estudiants enfronten reptes emocionals que afecten la seva autoestima i motivaci\u00f3. A Activatic, entenem que darrere de cada butlleta de qualificacions hi ha un noi o una noia que necessita m\u00e9s que coneixements de [&hellip;]<\/p>\n","protected":false},"author":7,"featured_media":13156,"comment_status":"open","ping_status":"open","sticky":false,"template":"","format":"standard","meta":{"footnotes":""},"categories":[89],"tags":[],"class_list":["post-13232","post","type-post","status-publish","format-standard","has-post-thumbnail","hentry","category-uncategorized-ca"],"yoast_head":"<!-- This site is optimized with the Yoast SEO plugin v27.3 - https:\/\/yoast.com\/product\/yoast-seo-wordpress\/ -->\n<title>La import\u00e0ncia del refor\u00e7 escolar en adolescents - Activatic<\/title>\n<meta name=\"description\" content=\"El refor\u00e7 escolar en adolescents va m\u00e9s enll\u00e0 de les notes. Refor\u00e7 escolar, idiomes i formaci\u00f3 a la prov\u00edncia de Tarragona.\" \/>\n<meta name=\"robots\" content=\"index, follow, max-snippet:-1, max-image-preview:large, max-video-preview:-1\" \/>\n<link rel=\"canonical\" href=\"https:\/\/activatic.es\/ca\/renaixeu-la-vostra-confianca-com-el-reforc-escolar-transforma-els-adolescents\/\" \/>\n<meta property=\"og:locale\" content=\"ca_ES\" \/>\n<meta property=\"og:type\" content=\"article\" \/>\n<meta property=\"og:title\" content=\"La import\u00e0ncia del refor\u00e7 escolar en adolescents - Activatic\" \/>\n<meta property=\"og:description\" content=\"El refor\u00e7 escolar en adolescents va m\u00e9s enll\u00e0 de les notes. Refor\u00e7 escolar, idiomes i formaci\u00f3 a la prov\u00edncia de Tarragona.\" \/>\n<meta property=\"og:url\" content=\"https:\/\/activatic.es\/ca\/renaixeu-la-vostra-confianca-com-el-reforc-escolar-transforma-els-adolescents\/\" \/>\n<meta property=\"og:site_name\" content=\"Activatic\" \/>\n<meta property=\"article:publisher\" content=\"https:\/\/www.facebook.com\/activatictarragona\/\" \/>\n<meta property=\"article:published_time\" content=\"2025-03-24T09:00:29+00:00\" \/>\n<meta property=\"og:image\" content=\"https:\/\/activatic.es\/wp-content\/uploads\/2025\/02\/\u00a1Renace-tu-confianza-Como-el-refuerzo-escolar-transforma-a-los-adolescentes-1024x576.png\" \/>\n\t<meta property=\"og:image:width\" content=\"1024\" \/>\n\t<meta property=\"og:image:height\" content=\"576\" \/>\n\t<meta property=\"og:image:type\" content=\"image\/png\" \/>\n<meta name=\"author\" content=\"ivan\" \/>\n<meta name=\"twitter:card\" content=\"summary_large_image\" \/>\n<meta name=\"twitter:label1\" content=\"Escrit per\" \/>\n\t<meta name=\"twitter:data1\" content=\"ivan\" \/>\n\t<meta name=\"twitter:label2\" content=\"Temps estimat de lectura\" \/>\n\t<meta name=\"twitter:data2\" content=\"5 minuts\" \/>\n<script type=\"application\/ld+json\" class=\"yoast-schema-graph\">{\"@context\":\"https:\\\/\\\/schema.org\",\"@graph\":[{\"@type\":\"Article\",\"@id\":\"https:\\\/\\\/activatic.es\\\/ca\\\/renaixeu-la-vostra-confianca-com-el-reforc-escolar-transforma-els-adolescents\\\/#article\",\"isPartOf\":{\"@id\":\"https:\\\/\\\/activatic.es\\\/ca\\\/renaixeu-la-vostra-confianca-com-el-reforc-escolar-transforma-els-adolescents\\\/\"},\"author\":{\"name\":\"ivan\",\"@id\":\"https:\\\/\\\/activatic.es\\\/ca\\\/#\\\/schema\\\/person\\\/3b7ef39bb17b1d29706005c4ef6e3f7a\"},\"headline\":\"Renaixeu la vostra confian\u00e7a! Com el refor\u00e7 escolar transforma els adolescents\",\"datePublished\":\"2025-03-24T09:00:29+00:00\",\"mainEntityOfPage\":{\"@id\":\"https:\\\/\\\/activatic.es\\\/ca\\\/renaixeu-la-vostra-confianca-com-el-reforc-escolar-transforma-els-adolescents\\\/\"},\"wordCount\":973,\"commentCount\":0,\"image\":{\"@id\":\"https:\\\/\\\/activatic.es\\\/ca\\\/renaixeu-la-vostra-confianca-com-el-reforc-escolar-transforma-els-adolescents\\\/#primaryimage\"},\"thumbnailUrl\":\"https:\\\/\\\/activatic.es\\\/wp-content\\\/uploads\\\/2025\\\/02\\\/\u00a1Renace-tu-confianza-Como-el-refuerzo-escolar-transforma-a-los-adolescentes.png\",\"articleSection\":[\"Uncategorized @ca\"],\"inLanguage\":\"ca\",\"potentialAction\":[{\"@type\":\"CommentAction\",\"name\":\"Comment\",\"target\":[\"https:\\\/\\\/activatic.es\\\/ca\\\/renaixeu-la-vostra-confianca-com-el-reforc-escolar-transforma-els-adolescents\\\/#respond\"]}]},{\"@type\":\"WebPage\",\"@id\":\"https:\\\/\\\/activatic.es\\\/ca\\\/renaixeu-la-vostra-confianca-com-el-reforc-escolar-transforma-els-adolescents\\\/\",\"url\":\"https:\\\/\\\/activatic.es\\\/ca\\\/renaixeu-la-vostra-confianca-com-el-reforc-escolar-transforma-els-adolescents\\\/\",\"name\":\"La import\u00e0ncia del refor\u00e7 escolar en adolescents - Activatic\",\"isPartOf\":{\"@id\":\"https:\\\/\\\/activatic.es\\\/ca\\\/#website\"},\"primaryImageOfPage\":{\"@id\":\"https:\\\/\\\/activatic.es\\\/ca\\\/renaixeu-la-vostra-confianca-com-el-reforc-escolar-transforma-els-adolescents\\\/#primaryimage\"},\"image\":{\"@id\":\"https:\\\/\\\/activatic.es\\\/ca\\\/renaixeu-la-vostra-confianca-com-el-reforc-escolar-transforma-els-adolescents\\\/#primaryimage\"},\"thumbnailUrl\":\"https:\\\/\\\/activatic.es\\\/wp-content\\\/uploads\\\/2025\\\/02\\\/\u00a1Renace-tu-confianza-Como-el-refuerzo-escolar-transforma-a-los-adolescentes.png\",\"datePublished\":\"2025-03-24T09:00:29+00:00\",\"author\":{\"@id\":\"https:\\\/\\\/activatic.es\\\/ca\\\/#\\\/schema\\\/person\\\/3b7ef39bb17b1d29706005c4ef6e3f7a\"},\"description\":\"El refor\u00e7 escolar en adolescents va m\u00e9s enll\u00e0 de les notes. Refor\u00e7 escolar, idiomes i formaci\u00f3 a la prov\u00edncia de Tarragona.\",\"breadcrumb\":{\"@id\":\"https:\\\/\\\/activatic.es\\\/ca\\\/renaixeu-la-vostra-confianca-com-el-reforc-escolar-transforma-els-adolescents\\\/#breadcrumb\"},\"inLanguage\":\"ca\",\"potentialAction\":[{\"@type\":\"ReadAction\",\"target\":[\"https:\\\/\\\/activatic.es\\\/ca\\\/renaixeu-la-vostra-confianca-com-el-reforc-escolar-transforma-els-adolescents\\\/\"]}]},{\"@type\":\"ImageObject\",\"inLanguage\":\"ca\",\"@id\":\"https:\\\/\\\/activatic.es\\\/ca\\\/renaixeu-la-vostra-confianca-com-el-reforc-escolar-transforma-els-adolescents\\\/#primaryimage\",\"url\":\"https:\\\/\\\/activatic.es\\\/wp-content\\\/uploads\\\/2025\\\/02\\\/\u00a1Renace-tu-confianza-Como-el-refuerzo-escolar-transforma-a-los-adolescentes.png\",\"contentUrl\":\"https:\\\/\\\/activatic.es\\\/wp-content\\\/uploads\\\/2025\\\/02\\\/\u00a1Renace-tu-confianza-Como-el-refuerzo-escolar-transforma-a-los-adolescentes.png\",\"width\":1920,\"height\":1080,\"caption\":\"refuerzo escolar en adolescentes\"},{\"@type\":\"BreadcrumbList\",\"@id\":\"https:\\\/\\\/activatic.es\\\/ca\\\/renaixeu-la-vostra-confianca-com-el-reforc-escolar-transforma-els-adolescents\\\/#breadcrumb\",\"itemListElement\":[{\"@type\":\"ListItem\",\"position\":1,\"name\":\"Home\",\"item\":\"https:\\\/\\\/activatic.es\\\/ca\\\/inici\\\/\"},{\"@type\":\"ListItem\",\"position\":2,\"name\":\"Renaixeu la vostra confian\u00e7a! Com el refor\u00e7 escolar transforma els adolescents\"}]},{\"@type\":\"WebSite\",\"@id\":\"https:\\\/\\\/activatic.es\\\/ca\\\/#website\",\"url\":\"https:\\\/\\\/activatic.es\\\/ca\\\/\",\"name\":\"Activatic\",\"description\":\"Academia de refor\u00e7 Tarragona\",\"potentialAction\":[{\"@type\":\"SearchAction\",\"target\":{\"@type\":\"EntryPoint\",\"urlTemplate\":\"https:\\\/\\\/activatic.es\\\/ca\\\/?s={search_term_string}\"},\"query-input\":{\"@type\":\"PropertyValueSpecification\",\"valueRequired\":true,\"valueName\":\"search_term_string\"}}],\"inLanguage\":\"ca\"},{\"@type\":\"Person\",\"@id\":\"https:\\\/\\\/activatic.es\\\/ca\\\/#\\\/schema\\\/person\\\/3b7ef39bb17b1d29706005c4ef6e3f7a\",\"name\":\"ivan\"}]}<\/script>\n<!-- \/ Yoast SEO plugin. -->","yoast_head_json":{"title":"La import\u00e0ncia del refor\u00e7 escolar en adolescents - Activatic","description":"El refor\u00e7 escolar en adolescents va m\u00e9s enll\u00e0 de les notes. Refor\u00e7 escolar, idiomes i formaci\u00f3 a la prov\u00edncia de Tarragona.","robots":{"index":"index","follow":"follow","max-snippet":"max-snippet:-1","max-image-preview":"max-image-preview:large","max-video-preview":"max-video-preview:-1"},"canonical":"https:\/\/activatic.es\/ca\/renaixeu-la-vostra-confianca-com-el-reforc-escolar-transforma-els-adolescents\/","og_locale":"ca_ES","og_type":"article","og_title":"La import\u00e0ncia del refor\u00e7 escolar en adolescents - Activatic","og_description":"El refor\u00e7 escolar en adolescents va m\u00e9s enll\u00e0 de les notes. Refor\u00e7 escolar, idiomes i formaci\u00f3 a la prov\u00edncia de Tarragona.","og_url":"https:\/\/activatic.es\/ca\/renaixeu-la-vostra-confianca-com-el-reforc-escolar-transforma-els-adolescents\/","og_site_name":"Activatic","article_publisher":"https:\/\/www.facebook.com\/activatictarragona\/","article_published_time":"2025-03-24T09:00:29+00:00","og_image":[{"width":1024,"height":576,"url":"https:\/\/activatic.es\/wp-content\/uploads\/2025\/02\/\u00a1Renace-tu-confianza-Como-el-refuerzo-escolar-transforma-a-los-adolescentes-1024x576.png","type":"image\/png"}],"author":"ivan","twitter_card":"summary_large_image","twitter_misc":{"Escrit per":"ivan","Temps estimat de lectura":"5 minuts"},"schema":{"@context":"https:\/\/schema.org","@graph":[{"@type":"Article","@id":"https:\/\/activatic.es\/ca\/renaixeu-la-vostra-confianca-com-el-reforc-escolar-transforma-els-adolescents\/#article","isPartOf":{"@id":"https:\/\/activatic.es\/ca\/renaixeu-la-vostra-confianca-com-el-reforc-escolar-transforma-els-adolescents\/"},"author":{"name":"ivan","@id":"https:\/\/activatic.es\/ca\/#\/schema\/person\/3b7ef39bb17b1d29706005c4ef6e3f7a"},"headline":"Renaixeu la vostra confian\u00e7a! Com el refor\u00e7 escolar transforma els adolescents","datePublished":"2025-03-24T09:00:29+00:00","mainEntityOfPage":{"@id":"https:\/\/activatic.es\/ca\/renaixeu-la-vostra-confianca-com-el-reforc-escolar-transforma-els-adolescents\/"},"wordCount":973,"commentCount":0,"image":{"@id":"https:\/\/activatic.es\/ca\/renaixeu-la-vostra-confianca-com-el-reforc-escolar-transforma-els-adolescents\/#primaryimage"},"thumbnailUrl":"https:\/\/activatic.es\/wp-content\/uploads\/2025\/02\/\u00a1Renace-tu-confianza-Como-el-refuerzo-escolar-transforma-a-los-adolescentes.png","articleSection":["Uncategorized @ca"],"inLanguage":"ca","potentialAction":[{"@type":"CommentAction","name":"Comment","target":["https:\/\/activatic.es\/ca\/renaixeu-la-vostra-confianca-com-el-reforc-escolar-transforma-els-adolescents\/#respond"]}]},{"@type":"WebPage","@id":"https:\/\/activatic.es\/ca\/renaixeu-la-vostra-confianca-com-el-reforc-escolar-transforma-els-adolescents\/","url":"https:\/\/activatic.es\/ca\/renaixeu-la-vostra-confianca-com-el-reforc-escolar-transforma-els-adolescents\/","name":"La import\u00e0ncia del refor\u00e7 escolar en adolescents - Activatic","isPartOf":{"@id":"https:\/\/activatic.es\/ca\/#website"},"primaryImageOfPage":{"@id":"https:\/\/activatic.es\/ca\/renaixeu-la-vostra-confianca-com-el-reforc-escolar-transforma-els-adolescents\/#primaryimage"},"image":{"@id":"https:\/\/activatic.es\/ca\/renaixeu-la-vostra-confianca-com-el-reforc-escolar-transforma-els-adolescents\/#primaryimage"},"thumbnailUrl":"https:\/\/activatic.es\/wp-content\/uploads\/2025\/02\/\u00a1Renace-tu-confianza-Como-el-refuerzo-escolar-transforma-a-los-adolescentes.png","datePublished":"2025-03-24T09:00:29+00:00","author":{"@id":"https:\/\/activatic.es\/ca\/#\/schema\/person\/3b7ef39bb17b1d29706005c4ef6e3f7a"},"description":"El refor\u00e7 escolar en adolescents va m\u00e9s enll\u00e0 de les notes. Refor\u00e7 escolar, idiomes i formaci\u00f3 a la prov\u00edncia de Tarragona.","breadcrumb":{"@id":"https:\/\/activatic.es\/ca\/renaixeu-la-vostra-confianca-com-el-reforc-escolar-transforma-els-adolescents\/#breadcrumb"},"inLanguage":"ca","potentialAction":[{"@type":"ReadAction","target":["https:\/\/activatic.es\/ca\/renaixeu-la-vostra-confianca-com-el-reforc-escolar-transforma-els-adolescents\/"]}]},{"@type":"ImageObject","inLanguage":"ca","@id":"https:\/\/activatic.es\/ca\/renaixeu-la-vostra-confianca-com-el-reforc-escolar-transforma-els-adolescents\/#primaryimage","url":"https:\/\/activatic.es\/wp-content\/uploads\/2025\/02\/\u00a1Renace-tu-confianza-Como-el-refuerzo-escolar-transforma-a-los-adolescentes.png","contentUrl":"https:\/\/activatic.es\/wp-content\/uploads\/2025\/02\/\u00a1Renace-tu-confianza-Como-el-refuerzo-escolar-transforma-a-los-adolescentes.png","width":1920,"height":1080,"caption":"refuerzo escolar en adolescentes"},{"@type":"BreadcrumbList","@id":"https:\/\/activatic.es\/ca\/renaixeu-la-vostra-confianca-com-el-reforc-escolar-transforma-els-adolescents\/#breadcrumb","itemListElement":[{"@type":"ListItem","position":1,"name":"Home","item":"https:\/\/activatic.es\/ca\/inici\/"},{"@type":"ListItem","position":2,"name":"Renaixeu la vostra confian\u00e7a! Com el refor\u00e7 escolar transforma els adolescents"}]},{"@type":"WebSite","@id":"https:\/\/activatic.es\/ca\/#website","url":"https:\/\/activatic.es\/ca\/","name":"Activatic","description":"Academia de refor\u00e7 Tarragona","potentialAction":[{"@type":"SearchAction","target":{"@type":"EntryPoint","urlTemplate":"https:\/\/activatic.es\/ca\/?s={search_term_string}"},"query-input":{"@type":"PropertyValueSpecification","valueRequired":true,"valueName":"search_term_string"}}],"inLanguage":"ca"},{"@type":"Person","@id":"https:\/\/activatic.es\/ca\/#\/schema\/person\/3b7ef39bb17b1d29706005c4ef6e3f7a","name":"ivan"}]}},"_links":{"self":[{"href":"https:\/\/activatic.es\/ca\/wp-json\/wp\/v2\/posts\/13232","targetHints":{"allow":["GET"]}}],"collection":[{"href":"https:\/\/activatic.es\/ca\/wp-json\/wp\/v2\/posts"}],"about":[{"href":"https:\/\/activatic.es\/ca\/wp-json\/wp\/v2\/types\/post"}],"author":[{"embeddable":true,"href":"https:\/\/activatic.es\/ca\/wp-json\/wp\/v2\/users\/7"}],"replies":[{"embeddable":true,"href":"https:\/\/activatic.es\/ca\/wp-json\/wp\/v2\/comments?post=13232"}],"version-history":[{"count":0,"href":"https:\/\/activatic.es\/ca\/wp-json\/wp\/v2\/posts\/13232\/revisions"}],"wp:featuredmedia":[{"embeddable":true,"href":"https:\/\/activatic.es\/ca\/wp-json\/wp\/v2\/media\/13156"}],"wp:attachment":[{"href":"https:\/\/activatic.es\/ca\/wp-json\/wp\/v2\/media?parent=13232"}],"wp:term":[{"taxonomy":"category","embeddable":true,"href":"https:\/\/activatic.es\/ca\/wp-json\/wp\/v2\/categories?post=13232"},{"taxonomy":"post_tag","embeddable":true,"href":"https:\/\/activatic.es\/ca\/wp-json\/wp\/v2\/tags?post=13232"}],"curies":[{"name":"wp","href":"https:\/\/api.w.org\/{rel}","templated":true}]}}